{"id":8551,"date":"2019-03-17T14:43:44","date_gmt":"2019-03-17T13:43:44","guid":{"rendered":"http:\/\/www.voluminica.com\/?p=8551"},"modified":"2020-01-01T13:04:01","modified_gmt":"2020-01-01T12:04:01","slug":"nuevos-retos-de-diseno","status":"publish","type":"post","link":"https:\/\/www.voluminica.com\/en\/nuevos-retos-de-diseno\/","title":{"rendered":"New challenges of design"},"content":{"rendered":"<div id=\"fws_69f45fe929c85\"  data-column-margin=\"default\" data-midnight=\"dark\"  class=\"wpb_row vc_row-fluid vc_row full-width-content vc_row-o-equal-height vc_row-flex vc_row-o-content-top\"  style=\"padding-top: 0px; padding-bottom: 0px; \"><div class=\"row-bg-wrap\" data-bg-animation=\"none\" data-bg-animation-delay=\"\" data-bg-overlay=\"false\"><div class=\"inner-wrap row-bg-layer\" ><div class=\"row-bg viewport-desktop\"  style=\"\"><\/div><\/div><\/div><div class=\"row_col_wrap_12 col span_12 dark left\">\n\t<div  class=\"vc_col-sm-3 vc_hidden-sm vc_hidden-xs wpb_column column_container vc_column_container col no-extra-padding\"  data-padding-pos=\"all\" data-has-bg-color=\"false\" data-bg-color=\"\" data-bg-opacity=\"1\" data-animation=\"\" data-delay=\"0\" >\n\t\t<div class=\"vc_column-inner\" >\n\t\t\t<div class=\"wpb_wrapper\">\n\t\t\t\t\n\t\t\t<\/div> \n\t\t<\/div>\n\t<\/div> \n\n\t<div style=\"\" class=\"vc_col-sm-6 wpb_column column_container vc_column_container col padding-8-percent\" data-using-bg=\"true\" data-padding-pos=\"all\" data-has-bg-color=\"true\" data-bg-color=\"#ffffff\" data-bg-opacity=\"1\" data-animation=\"\" data-delay=\"0\" >\n\t\t<div class=\"vc_column-inner\" ><div class=\"column-bg-overlay-wrap column-bg-layer\" data-bg-animation=\"none\"><div class=\"column-bg-overlay\" style=\"opacity: 1; background-color: #ffffff;\"><\/div><\/div>\n\t\t\t<div class=\"wpb_wrapper\">\n\t\t\t\t\n<div class=\"nectar-animated-title\" data-style=\"color-strip-reveal\" data-color=\"accent-color\">\n\t<div class=\"nectar-animated-title-outer\">\n\t\t<div class=\"nectar-animated-title-inner\">\n\t\t\t<div class=\"wrap\"><h5 style=\"color: #ffffff;\">Volum\u00ednica\u00ae Studio<\/h5><\/div>\n\t\t<\/div>\n\t<\/div>\n<\/div><h2 style=\"font-size: 42px;line-height: 52px;text-align: left\" class=\"vc_custom_heading\" >Nuevos retos de dise\u00f1o: hacia la innovaci\u00f3n en la arquitectura y el dise\u00f1o audiovisual.<\/h2>\n<div class=\"wpb_text_column wpb_content_element  vc_custom_1552829987969\" >\n\t<div class=\"wpb_wrapper\">\n\t\t<div class=\"page\" title=\"Page 1\">\n<div class=\"section\">\n<div class=\"layoutArea\">\n<div class=\"column\">\n<p>Volum\u00ednica\u00ae Studio nace de la uni\u00f3n personal de una arquitecta y un dise\u00f1ador gr\u00e1fico. La uni\u00f3n profesional de ambos result\u00f3 en un laboratorio de arquitectura y dise\u00f1o audiovisual, complejo de delimitar y en el que el desarrollo de los proyectos define su car\u00e1cter transdisciplinar.<\/p>\n<\/div>\n<\/div>\n<\/div>\n<\/div>\n\t<\/div>\n<\/div>\n\n\n\n\n<div class=\"wpb_text_column wpb_content_element  wpb_animate_when_almost_visible wpb_fadeInDown fadeInDown vc_custom_1552830222217\" >\n\t<div class=\"wpb_wrapper\">\n\t\t<blockquote>\n<hr \/>\n<\/blockquote>\n<div class=\"page\" title=\"Page 1\">\n<div class=\"section\">\n<div class=\"layoutArea\">\n<div class=\"column\">\n<blockquote>\n<h4>\u201cLa Naturaleza no conoce de divisiones, solo de relaciones entre s\u00ed, de puntos de encuentro, de nodos, de redes complejas.\u201d<\/h4>\n<\/blockquote>\n<p>S\u00e1nchez Ron, J. M., Nodos, (2017); Pamplona: Next Door Publishers.<\/p>\n<\/div>\n<\/div>\n<\/div>\n<\/div>\n<hr \/>\n<h3 style=\"text-align: left; padding-left: 90px;\"><\/h3>\n\t<\/div>\n<\/div>\n\n\n\n\n<div class=\"wpb_text_column wpb_content_element  vc_custom_1552828849464\" >\n\t<div class=\"wpb_wrapper\">\n\t\t<p>\u00bfC\u00f3mo conectar la arquitectura con el dise\u00f1o audiovisual? Muchas veces ni nosotros mismos lo sabemos. Pero s\u00ed tenemos claro que cada proyecto se aborda como un desaf\u00edo, cada cliente como una ilusi\u00f3n y comenzamos el proceso creativo para dar soluci\u00f3n a retos que quiz\u00e1s ni se hayan planteado. Unir arquitectura y dise\u00f1o audiovisual es como unir t\u00e9cnica con creatividad, ciencia con arte, rigor con locura, ecuaciones con pantones, y as\u00ed los resultados son algo mucho m\u00e1s rico, complejo y sorprendente de lo que podr\u00edamos habernos imaginado en un principio.<\/p>\n<p>Dise\u00f1o, nuevas tecnolog\u00edas, sostenibilidad, naturaleza y experimentaci\u00f3n son, por ahora, los nodos que conectan la red de nuestro laboratorio.<\/p>\n\t<\/div>\n<\/div>\n\n\n\n<div class=\"img-with-aniamtion-wrap center\" data-max-width=\"100%\" data-max-width-mobile=\"100%\" data-shadow=\"none\" data-animation=\"none\" >\n      <div class=\"inner\">\n        <div class=\"hover-wrap\"> \n          <div class=\"hover-wrap-inner\">\n            <img class=\"img-with-animation skip-lazy\" data-delay=\"0\" height=\"540\" width=\"960\" data-animation=\"none\" src=\"https:\/\/www.voluminica.com\/wp-content\/uploads\/2019\/03\/SomosVoluminica.gif\" alt=\"\"  \/>\n          <\/div>\n        <\/div>\n      <\/div>\n    <\/div>\n<div class=\"wpb_text_column wpb_content_element  vc_custom_1553116423523\" >\n\t<div class=\"wpb_wrapper\">\n\t\t<h3><\/h3>\n<h3>Design<\/h3>\n<div class=\"page\" title=\"Page 1\">\n<div class=\"section\">\n<div class=\"layoutArea\">\n<div class=\"column\">\n<p>Desde Volum\u00ednica\u00ae Studio creemos que el dise\u00f1o debe estar presente desde el inicio de cualquier proyecto, transciende del mero valor est\u00e9tico, es un herramienta que ayuda a las empresas a comunicarse de manera eficiente y adecuada. Nuestro objetivo como creadores es dar un servicio global y coherente en todos los aspectos visuales y espaciales de una empresa, y esto incluye naming, identidad corporativa, packaging, audiovisuales, multimedia, instalaciones ef\u00edmeras, espacios corporativos y arquitectura. La mayor parte de nuestros proyectos est\u00e1n en proceso abierto y de crecimiento, y as\u00ed lo que llega al estudio como el encargo de redise\u00f1o de una identidad corporativa, con el tiempo acaba resultando en el desarrollo de un escaparate o unas oficinas.<\/p>\n<p>Entendemos el dise\u00f1o como la expresi\u00f3n visual y material de los valores de nuestros clientes, una forma de comunicaci\u00f3n. Y dicha expresi\u00f3n se ve reflejada en toda sus dimensiones: pantalla, papel y materiales constructivos.<\/p>\n<\/div>\n<\/div>\n<\/div>\n<\/div>\n\t<\/div>\n<\/div>\n\n\n\n\n<div class=\"wpb_text_column wpb_content_element  vc_custom_1553116430172\" >\n\t<div class=\"wpb_wrapper\">\n\t\t<div class=\"page\" title=\"Page 2\">\n<div class=\"section\">\n<div class=\"layoutArea\">\n<div class=\"column\">\n<h3><\/h3>\n<h3>Nuevas tecnolog\u00edas<\/h3>\n<\/div>\n<\/div>\n<div class=\"layoutArea\">\n<div class=\"column\">\n<p>En Volum\u00ednica\u00ae Studio desarrollamos proyectos de innovaci\u00f3n para empresas innovadoras, usando la imaginaci\u00f3n y las nuevas tecnolog\u00edas con el objetivo de lograr soluciones vanguardistas. Entendemos las nuevas tecnolog\u00edas como herramientas digitales o de fabricaci\u00f3n que nos permiten implementar nuestros dise\u00f1os de manera r\u00e1pida y econ\u00f3mica.<\/p>\n<p>En el dise\u00f1o arquitect\u00f3nico o de producto, las herramientas de fabricaci\u00f3n como la impresi\u00f3n 3D, CNC o corte l\u00e1ser nos ofrece posibilidades de prototipar dise\u00f1os personalizados, de formas org\u00e1nicas y con materiales especiales.<\/p>\n<p>Como ejemplo del uso de la tecnolog\u00eda de corte l\u00e1ser podr\u00edamos destacar el proyecto el stand dise\u00f1ado para Impulsa en FIDMA 2017, fabricado en tableros DM. El dise\u00f1o deb\u00eda servir como expositor para 5 empresas del \u00e1mbito de las nuevas tecnolog\u00edas, debiendo cubrir sus diferentes propuestas, variaciones de espacio, contenidos y usos. Para ello se gener\u00f3 un elemento com\u00fan, mediante formas y l\u00edneas org\u00e1nicas, distribuy\u00e9ndose de manera fluida y generando diferentes recorridos que permit\u00edan al usuario interactuar y contemplar la exposici\u00f3n desde diversos puntos de vista. Se dise\u00f1o param\u00e9tricamente, tomando como referencia las dimensiones y caracter\u00edsticas de cada objeto, creando as\u00ed una pieza a medida donde exhibirlos.<\/p>\n<p>En el caso del dise\u00f1o audiovisual, las herramientas digitales nos permiten diversos soportes como el video mapping o la RA\/RV a nuestros proyectos de animaci\u00f3n.<\/p>\n<\/div>\n<\/div>\n<\/div>\n<\/div>\n\t<\/div>\n<\/div>\n\n\n\n\n<div class=\"wpb_text_column wpb_content_element  vc_custom_1553116436948\" >\n\t<div class=\"wpb_wrapper\">\n\t\t<div class=\"page\" title=\"Page 2\">\n<div class=\"section\">\n<div class=\"layoutArea\">\n<div class=\"column\">\n<h3><\/h3>\n<h3>Sustainability<\/h3>\n<p>Desde Volum\u00ednica\u00ae Studio entendemos la sostenibilidad como algo m\u00e1s complejo que la eficiencia energ\u00e9tica o medioambiental. De acuerdo a los Objetivos de Desarrollo Sostenible (ODS) la sostenibilidad aborda desaf\u00edos como el fin de la pobreza, acabar con el hambre, educaci\u00f3n de calidad, igualdad de g\u00e9nero, y as\u00ed hasta un total de 17 retos a alcanzar. En nuestro campo, la arquitectura y el dise\u00f1o, intentamos que nuestros proyectos tengan en cuenta algunos de estos objetivos, como puedan ser: dise\u00f1ar ciudades sostenibles, producir y consumir de forma responsable, generar innovaci\u00f3n, proyectar edificios que usen energ\u00eda no contaminante e incluso llevamos a cabo propuestas con el objetivo de mejorar la situaci\u00f3n clim\u00e1tica actual o la contaminaci\u00f3n que afecta a la vida marina.<\/p>\n<p>Por eso, uno de nuestros mayores retos es la reducci\u00f3n de residuos. En el caso de arquitecturas temporales o ef\u00edmeras, como ferias o exposiciones internacionales, el gran reto ser\u00eda proyectar stands o pabellones con capacidad de montaje y desmontaje sin dejar residuos y la posibilidad de reutilizar dichos elementos en futuros eventos itinerantes. Para ello desarrollamos sistemas que puedan ser utilizados en m\u00faltiples ocasiones, como es el proyecto de los \u201cmuros de papeleras\u201d, reutilizado ya en diversas ocasiones.<\/p>\n<p>Tambi\u00e9n desarrollamos proyectos de concienciaci\u00f3n social hacia un tipo de econom\u00eda circular, como la instalaci\u00f3n del escaparate con cepillos de dientes de bamb\u00fa para una cl\u00ednica dental en Oviedo.<\/p>\n<\/div>\n<\/div>\n<\/div>\n<\/div>\n\t<\/div>\n<\/div>\n\n\n\n\n<div class=\"wpb_text_column wpb_content_element  vc_custom_1553116496508\" >\n\t<div class=\"wpb_wrapper\">\n\t\t<div class=\"page\" title=\"Page 2\">\n<div class=\"section\">\n<div class=\"layoutArea\">\n<div class=\"column\">\n<h3><\/h3>\n<h3>Naturaleza<\/h3>\n<p>En Volum\u00ednica\u00ae Studio nos fijamos en las formas, los patrones, los mecanismos y las estrategias de adaptaci\u00f3n de los organismos naturales como fuente de inspiraci\u00f3n para crear dise\u00f1os biomim\u00e9ticos.<\/p>\n<\/div>\n<\/div>\n<\/div>\n<\/div>\n<div class=\"page\" title=\"Page 3\">\n<div class=\"section\">\n<div class=\"layoutArea\">\n<div class=\"column\">\n<p>La biomim\u00e9tica se define como la \u00ababstracci\u00f3n del buen dise\u00f1o de la naturaleza\u201d2 o como \u00abuna disciplina emergente que emula los dise\u00f1os y procesos de la naturaleza para crear un planeta m\u00e1s sano y sostenible\u00bb3. Por lo general, es una disciplina que ha sido desarrollada durante largo tiempo en campos como la ingenier\u00eda o la medicina y con ausencia en la ingenier\u00eda de fabricaci\u00f3n, sin embargo en los \u00faltimos a\u00f1os se han comenzado a desarrollar diversos trabajos de investigaci\u00f3n biomim\u00e9tica con aplicaciones a la arquitectura. Actualmente, las t\u00e9cnicas avanzadas en los procesos de fabricaci\u00f3n y construcci\u00f3n ofrecen grandes oportunidades para el desarrollo de arquitecturas innovadoras que respondan mejor al medio, permitiendo as\u00ed a los edificios comportarse como un organismo vivo. En todo caso es importante se\u00f1alar que la biom\u00edmesis no se utiliza para crear una r\u00e9plica exacta de la naturaleza, sino como una abstracci\u00f3n y una transferencia del principio funcional biol\u00f3gico. La biomim\u00e9tica proporciona ideas para ser descubiertas y adaptadas, desde los modelos naturales a sistemas de construcci\u00f3n sostenible. Las lecciones de la Naturaleza son valiosas para ser aplicadas como tecnolog\u00edas innovadoras para la implementaci\u00f3n de los edificios del futuro. A diferencia del biomorfismo, que consiste en la simple traducci\u00f3n de formas de los organismos biol\u00f3gicos a la arquitectura, en la biomim\u00e9tica la transferencia de conocimiento se produce en un nivel de rendimiento a trav\u00e9s del an\u00e1lisis de las estrategias llevadas a cabo, tanto en biolog\u00eda como en ingenier\u00eda, para la resoluci\u00f3n de problemas.<\/p>\n<p>Nuestra principal investigaci\u00f3n biomim\u00e9tica \u201cEnvolventes arquitect\u00f3nicas vivas que interact\u00faan con su entorno\u201d sugiere un nuevo tipo de adaptabilidad, empleando la biomim\u00e9tica como herramienta en la arquitectura para desarrollar un dise\u00f1o activo con el medio ambiente. El estudio de las plantas y sus estrategias de adaptaci\u00f3n a diferentes climas puede ser clave para lograr rebajar el consumo energ\u00e9tico en edificios mediante el dise\u00f1o de nuevas arquitecturas adaptativas que interact\u00faen con el entorno. Adem\u00e1s, en los \u00faltimos a\u00f1os hemos estado explorando posibles conexiones entre el trabajo de investigaci\u00f3n cient\u00edfico desarrollado y su ense\u00f1anza en las aulas, a trav\u00e9s de diferentes experiencias en centros y niveles de ense\u00f1anza diversos.<\/p>\n<\/div>\n<\/div>\n<\/div>\n<\/div>\n\t<\/div>\n<\/div>\n\n\n\n\n<div class=\"wpb_text_column wpb_content_element  vc_custom_1553116450185\" >\n\t<div class=\"wpb_wrapper\">\n\t\t<div class=\"page\" title=\"Page 3\">\n<div class=\"section\">\n<div class=\"layoutArea\">\n<div class=\"column\">\n<h3><\/h3>\n<h3>Experimentaci\u00f3n<\/h3>\n<p>Definimos Volum\u00ednica\u00ae Studio como un laboratorio porque nos gusta experimentar, probar cosas nuevas, salirnos de la norma, y a nuestros clientes tambi\u00e9n. Para ello, las nuevas tecnolog\u00edas de fabricaci\u00f3n nos permiten probar materiales activos con caracter\u00edsticas especiales como la flexibilidad, la termocrom\u00eda o la higroscopicidad. Nos gusta enredar y divertirnos, y as\u00ed nos lanzamos a crear estructuras espaciales de papel, biopl\u00e1sticos, tipograf\u00edas org\u00e1nicas con hielo o papiroflexia con textiles impresos en 3D.<\/p>\n<\/div>\n<\/div>\n<\/div>\n<\/div>\n\t<\/div>\n<\/div>\n\n\n\n\n<div class=\"wpb_text_column wpb_content_element  vc_custom_1552829120881\" >\n\t<div class=\"wpb_wrapper\">\n\t\t<div class=\"page\" title=\"Page 3\">\n<div class=\"section\">\n<div class=\"layoutArea\">\n<div class=\"column\">\n<p>En Volum\u00ednica\u00ae Studio pensamos la realidad de otra manera, a trav\u00e9s de la interacci\u00f3n de los diferentes nodos (dise\u00f1o, nuevas tecnolog\u00edas, sostenibilidad, naturaleza y experimentaci\u00f3n) y de procesos transdisciplinares. En definitiva, queremos proporcionar una forma nueva, ingeniosa y no-definida de abordar la arquitectura y el dise\u00f1o audiovisual.<\/p>\n<\/div>\n<\/div>\n<\/div>\n<\/div>\n\t<\/div>\n<\/div>\n\n\n\n\n\t\t\t<\/div> \n\t\t<\/div>\n\t<\/div> \n\n\t<div  class=\"vc_col-sm-3 vc_hidden-sm vc_hidden-xs wpb_column column_container vc_column_container col no-extra-padding\"  data-padding-pos=\"all\" data-has-bg-color=\"false\" data-bg-color=\"\" data-bg-opacity=\"1\" data-animation=\"\" data-delay=\"0\" >\n\t\t<div class=\"vc_column-inner\" >\n\t\t\t<div class=\"wpb_wrapper\">\n\t\t\t\t\n\t\t\t<\/div> \n\t\t<\/div>\n\t<\/div> \n<\/div><\/div>","protected":false},"excerpt":{"rendered":"Volum\u00ednica\u00ae Studio Nuevos retos de dise\u00f1o: hacia la innovaci\u00f3n en la arquitectura y el dise\u00f1o audiovisual. Volum\u00ednica\u00ae Studio nace de la uni\u00f3n personal de una arquitecta y un dise\u00f1ador gr\u00e1fico....","protected":false},"author":2,"featured_media":8573,"comment_status":"open","ping_status":"open","sticky":false,"template":"","format":"standard","meta":{"_exactmetrics_skip_tracking":false,"_exactmetrics_sitenote_active":false,"_exactmetrics_sitenote_note":"","_exactmetrics_sitenote_category":0},"categories":[140,138,139],"tags":[],"yoast_head":"<!-- This site is optimized with the Yoast SEO plugin v21.1 - https:\/\/yoast.com\/wordpress\/plugins\/seo\/ -->\n<title>Nuevos retos de dise\u00f1o - Voluminica\u00ae<\/title>\n<meta name=\"robots\" content=\"index, follow, max-snippet:-1, max-image-preview:large, max-video-preview:-1\" \/>\n<link rel=\"canonical\" href=\"https:\/\/www.voluminica.com\/en\/nuevos-retos-de-diseno\/\" \/>\n<meta property=\"og:locale\" content=\"en_GB\" \/>\n<meta property=\"og:type\" content=\"article\" \/>\n<meta property=\"og:title\" content=\"Nuevos retos de dise\u00f1o - Voluminica\u00ae\" \/>\n<meta property=\"og:url\" content=\"https:\/\/www.voluminica.com\/en\/nuevos-retos-de-diseno\/\" \/>\n<meta property=\"og:site_name\" content=\"Voluminica\u00ae\" \/>\n<meta property=\"article:publisher\" content=\"https:\/\/www.facebook.com\/Voluminica\/\" \/>\n<meta property=\"article:published_time\" content=\"2019-03-17T13:43:44+00:00\" \/>\n<meta property=\"article:modified_time\" content=\"2020-01-01T12:04:01+00:00\" \/>\n<meta property=\"og:image\" content=\"https:\/\/www.voluminica.com\/wp-content\/uploads\/2019\/03\/d0225d40684001.596ca9cb5c445.jpg\" \/>\n\t<meta property=\"og:image:width\" content=\"1400\" \/>\n\t<meta property=\"og:image:height\" content=\"933\" \/>\n\t<meta property=\"og:image:type\" content=\"image\/jpeg\" \/>\n<meta name=\"author\" content=\"Marl\u00e9n L\u00f3pez\" \/>\n<meta name=\"twitter:card\" content=\"summary_large_image\" \/>\n<meta name=\"twitter:creator\" content=\"@voluminica\" \/>\n<meta name=\"twitter:site\" content=\"@voluminica\" \/>\n<meta name=\"twitter:label1\" content=\"Written by\" \/>\n\t<meta name=\"twitter:data1\" content=\"Marl\u00e9n L\u00f3pez\" \/>\n\t<meta name=\"twitter:label2\" content=\"Estimated reading time\" \/>\n\t<meta name=\"twitter:data2\" content=\"9 minutes\" \/>\n<script type=\"application\/ld+json\" class=\"yoast-schema-graph\">{\"@context\":\"https:\/\/schema.org\",\"@graph\":[{\"@type\":\"Article\",\"@id\":\"https:\/\/www.voluminica.com\/nuevos-retos-de-diseno\/#article\",\"isPartOf\":{\"@id\":\"https:\/\/www.voluminica.com\/nuevos-retos-de-diseno\/\"},\"author\":{\"name\":\"Marl\u00e9n L\u00f3pez\",\"@id\":\"https:\/\/www.voluminica.com\/#\/schema\/person\/277b59ed89d36676f2f15c6bb75320ac\"},\"headline\":\"Nuevos retos de dise\u00f1o\",\"datePublished\":\"2019-03-17T13:43:44+00:00\",\"dateModified\":\"2020-01-01T12:04:01+00:00\",\"mainEntityOfPage\":{\"@id\":\"https:\/\/www.voluminica.com\/nuevos-retos-de-diseno\/\"},\"wordCount\":1845,\"commentCount\":0,\"publisher\":{\"@id\":\"https:\/\/www.voluminica.com\/#organization\"},\"articleSection\":[\"arquitectura\",\"Biom\u00edmesis\",\"Dise\u00f1o\"],\"inLanguage\":\"en-GB\",\"potentialAction\":[{\"@type\":\"CommentAction\",\"name\":\"Comment\",\"target\":[\"https:\/\/www.voluminica.com\/nuevos-retos-de-diseno\/#respond\"]}]},{\"@type\":\"WebPage\",\"@id\":\"https:\/\/www.voluminica.com\/nuevos-retos-de-diseno\/\",\"url\":\"https:\/\/www.voluminica.com\/nuevos-retos-de-diseno\/\",\"name\":\"Nuevos retos de dise\u00f1o - Voluminica\u00ae\",\"isPartOf\":{\"@id\":\"https:\/\/www.voluminica.com\/#website\"},\"datePublished\":\"2019-03-17T13:43:44+00:00\",\"dateModified\":\"2020-01-01T12:04:01+00:00\",\"breadcrumb\":{\"@id\":\"https:\/\/www.voluminica.com\/nuevos-retos-de-diseno\/#breadcrumb\"},\"inLanguage\":\"en-GB\",\"potentialAction\":[{\"@type\":\"ReadAction\",\"target\":[\"https:\/\/www.voluminica.com\/nuevos-retos-de-diseno\/\"]}]},{\"@type\":\"BreadcrumbList\",\"@id\":\"https:\/\/www.voluminica.com\/nuevos-retos-de-diseno\/#breadcrumb\",\"itemListElement\":[{\"@type\":\"ListItem\",\"position\":1,\"name\":\"Portada\",\"item\":\"https:\/\/www.voluminica.com\/\"},{\"@type\":\"ListItem\",\"position\":2,\"name\":\"Nuevos retos de dise\u00f1o\"}]},{\"@type\":\"WebSite\",\"@id\":\"https:\/\/www.voluminica.com\/#website\",\"url\":\"https:\/\/www.voluminica.com\/\",\"name\":\"Voluminica\u00ae\",\"description\":\"Laboratorio de arquitectura y dise\u00f1o audiovisual\",\"publisher\":{\"@id\":\"https:\/\/www.voluminica.com\/#organization\"},\"potentialAction\":[{\"@type\":\"SearchAction\",\"target\":{\"@type\":\"EntryPoint\",\"urlTemplate\":\"https:\/\/www.voluminica.com\/?s={search_term_string}\"},\"query-input\":\"required name=search_term_string\"}],\"inLanguage\":\"en-GB\"},{\"@type\":\"Organization\",\"@id\":\"https:\/\/www.voluminica.com\/#organization\",\"name\":\"Volum\u00ednica\",\"url\":\"https:\/\/www.voluminica.com\/\",\"logo\":{\"@type\":\"ImageObject\",\"inLanguage\":\"en-GB\",\"@id\":\"https:\/\/www.voluminica.com\/#\/schema\/logo\/image\/\",\"url\":\"https:\/\/www.voluminica.com\/wp-content\/uploads\/2018\/07\/LogoVoluminica4.png\",\"contentUrl\":\"https:\/\/www.voluminica.com\/wp-content\/uploads\/2018\/07\/LogoVoluminica4.png\",\"width\":600,\"height\":71,\"caption\":\"Volum\u00ednica\"},\"image\":{\"@id\":\"https:\/\/www.voluminica.com\/#\/schema\/logo\/image\/\"},\"sameAs\":[\"https:\/\/www.facebook.com\/Voluminica\/\",\"https:\/\/twitter.com\/voluminica\",\"https:\/\/www.instagram.com\/voluminica\/\",\"https:\/\/www.linkedin.com\/company\/voluminica\/\"]},{\"@type\":\"Person\",\"@id\":\"https:\/\/www.voluminica.com\/#\/schema\/person\/277b59ed89d36676f2f15c6bb75320ac\",\"name\":\"Marl\u00e9n L\u00f3pez\",\"image\":{\"@type\":\"ImageObject\",\"inLanguage\":\"en-GB\",\"@id\":\"https:\/\/www.voluminica.com\/#\/schema\/person\/image\/\",\"url\":\"https:\/\/secure.gravatar.com\/avatar\/aa190d968e2b23925ef4450f3eb33b51?s=96&d=mm&r=g\",\"contentUrl\":\"https:\/\/secure.gravatar.com\/avatar\/aa190d968e2b23925ef4450f3eb33b51?s=96&d=mm&r=g\",\"caption\":\"Marl\u00e9n L\u00f3pez\"},\"description\":\"Como arquitecta e investigadora, desarrollo proyectos interdisciplinarios que involucran innovaci\u00f3n mediante el uso de nuevas tecnolog\u00edas durante el proceso de dise\u00f1o y fabricaci\u00f3n, y con una base de investigaci\u00f3n biol\u00f3gica. Mi especialidad es la aplicaci\u00f3n de la biomim\u00e9tica al sector de la construcci\u00f3n. En el desarrollo de la tesis doctoral \u00abEnvolventes arquitect\u00f3nicas vivas que interact\u00faan con su entorno\u00bb, propongo un nuevo tipo de envolventes arquitect\u00f3nicas que interact\u00faan con su entorno, bas\u00e1ndome en el estudio de las adaptaciones de las plantas a las diferentes zonas clim\u00e1ticas europeas para mejorar la eficiencia energ\u00e9tica de los edificios. Defiendo el uso de la biomim\u00e9tica como una herramienta que en arquitectura puede ayudar a desarrollar un nuevo tipo de dise\u00f1o activo con el entorno.\",\"sameAs\":[\"http:\/\/www.voluminica.com\"],\"url\":\"https:\/\/www.voluminica.com\/en\/author\/marlenlopez\/\"}]}<\/script>\n<!-- \/ Yoast SEO plugin. -->","yoast_head_json":{"title":"Nuevos retos de dise\u00f1o - Voluminica\u00ae","robots":{"index":"index","follow":"follow","max-snippet":"max-snippet:-1","max-image-preview":"max-image-preview:large","max-video-preview":"max-video-preview:-1"},"canonical":"https:\/\/www.voluminica.com\/en\/nuevos-retos-de-diseno\/","og_locale":"en_GB","og_type":"article","og_title":"Nuevos retos de dise\u00f1o - Voluminica\u00ae","og_url":"https:\/\/www.voluminica.com\/en\/nuevos-retos-de-diseno\/","og_site_name":"Voluminica\u00ae","article_publisher":"https:\/\/www.facebook.com\/Voluminica\/","article_published_time":"2019-03-17T13:43:44+00:00","article_modified_time":"2020-01-01T12:04:01+00:00","og_image":[{"width":1400,"height":933,"url":"https:\/\/www.voluminica.com\/wp-content\/uploads\/2019\/03\/d0225d40684001.596ca9cb5c445.jpg","type":"image\/jpeg"}],"author":"Marl\u00e9n L\u00f3pez","twitter_card":"summary_large_image","twitter_creator":"@voluminica","twitter_site":"@voluminica","twitter_misc":{"Written by":"Marl\u00e9n L\u00f3pez","Estimated reading time":"9 minutes"},"schema":{"@context":"https:\/\/schema.org","@graph":[{"@type":"Article","@id":"https:\/\/www.voluminica.com\/nuevos-retos-de-diseno\/#article","isPartOf":{"@id":"https:\/\/www.voluminica.com\/nuevos-retos-de-diseno\/"},"author":{"name":"Marl\u00e9n L\u00f3pez","@id":"https:\/\/www.voluminica.com\/#\/schema\/person\/277b59ed89d36676f2f15c6bb75320ac"},"headline":"Nuevos retos de dise\u00f1o","datePublished":"2019-03-17T13:43:44+00:00","dateModified":"2020-01-01T12:04:01+00:00","mainEntityOfPage":{"@id":"https:\/\/www.voluminica.com\/nuevos-retos-de-diseno\/"},"wordCount":1845,"commentCount":0,"publisher":{"@id":"https:\/\/www.voluminica.com\/#organization"},"articleSection":["arquitectura","Biom\u00edmesis","Dise\u00f1o"],"inLanguage":"en-GB","potentialAction":[{"@type":"CommentAction","name":"Comment","target":["https:\/\/www.voluminica.com\/nuevos-retos-de-diseno\/#respond"]}]},{"@type":"WebPage","@id":"https:\/\/www.voluminica.com\/nuevos-retos-de-diseno\/","url":"https:\/\/www.voluminica.com\/nuevos-retos-de-diseno\/","name":"Nuevos retos de dise\u00f1o - Voluminica\u00ae","isPartOf":{"@id":"https:\/\/www.voluminica.com\/#website"},"datePublished":"2019-03-17T13:43:44+00:00","dateModified":"2020-01-01T12:04:01+00:00","breadcrumb":{"@id":"https:\/\/www.voluminica.com\/nuevos-retos-de-diseno\/#breadcrumb"},"inLanguage":"en-GB","potentialAction":[{"@type":"ReadAction","target":["https:\/\/www.voluminica.com\/nuevos-retos-de-diseno\/"]}]},{"@type":"BreadcrumbList","@id":"https:\/\/www.voluminica.com\/nuevos-retos-de-diseno\/#breadcrumb","itemListElement":[{"@type":"ListItem","position":1,"name":"Portada","item":"https:\/\/www.voluminica.com\/"},{"@type":"ListItem","position":2,"name":"Nuevos retos de dise\u00f1o"}]},{"@type":"WebSite","@id":"https:\/\/www.voluminica.com\/#website","url":"https:\/\/www.voluminica.com\/","name":"Voluminica\u00ae","description":"Laboratorio de arquitectura y dise\u00f1o audiovisual","publisher":{"@id":"https:\/\/www.voluminica.com\/#organization"},"potentialAction":[{"@type":"SearchAction","target":{"@type":"EntryPoint","urlTemplate":"https:\/\/www.voluminica.com\/?s={search_term_string}"},"query-input":"required name=search_term_string"}],"inLanguage":"en-GB"},{"@type":"Organization","@id":"https:\/\/www.voluminica.com\/#organization","name":"Volum\u00ednica","url":"https:\/\/www.voluminica.com\/","logo":{"@type":"ImageObject","inLanguage":"en-GB","@id":"https:\/\/www.voluminica.com\/#\/schema\/logo\/image\/","url":"https:\/\/www.voluminica.com\/wp-content\/uploads\/2018\/07\/LogoVoluminica4.png","contentUrl":"https:\/\/www.voluminica.com\/wp-content\/uploads\/2018\/07\/LogoVoluminica4.png","width":600,"height":71,"caption":"Volum\u00ednica"},"image":{"@id":"https:\/\/www.voluminica.com\/#\/schema\/logo\/image\/"},"sameAs":["https:\/\/www.facebook.com\/Voluminica\/","https:\/\/twitter.com\/voluminica","https:\/\/www.instagram.com\/voluminica\/","https:\/\/www.linkedin.com\/company\/voluminica\/"]},{"@type":"Person","@id":"https:\/\/www.voluminica.com\/#\/schema\/person\/277b59ed89d36676f2f15c6bb75320ac","name":"Marl\u00e9n Lopez","image":{"@type":"ImageObject","inLanguage":"en-GB","@id":"https:\/\/www.voluminica.com\/#\/schema\/person\/image\/","url":"https:\/\/secure.gravatar.com\/avatar\/aa190d968e2b23925ef4450f3eb33b51?s=96&d=mm&r=g","contentUrl":"https:\/\/secure.gravatar.com\/avatar\/aa190d968e2b23925ef4450f3eb33b51?s=96&d=mm&r=g","caption":"Marl\u00e9n L\u00f3pez"},"description":"Como arquitecta e investigadora, desarrollo proyectos interdisciplinarios que involucran innovaci\u00f3n mediante el uso de nuevas tecnolog\u00edas durante el proceso de dise\u00f1o y fabricaci\u00f3n, y con una base de investigaci\u00f3n biol\u00f3gica. Mi especialidad es la aplicaci\u00f3n de la biomim\u00e9tica al sector de la construcci\u00f3n. En el desarrollo de la tesis doctoral \u00abEnvolventes arquitect\u00f3nicas vivas que interact\u00faan con su entorno\u00bb, propongo un nuevo tipo de envolventes arquitect\u00f3nicas que interact\u00faan con su entorno, bas\u00e1ndome en el estudio de las adaptaciones de las plantas a las diferentes zonas clim\u00e1ticas europeas para mejorar la eficiencia energ\u00e9tica de los edificios. Defiendo el uso de la biomim\u00e9tica como una herramienta que en arquitectura puede ayudar a desarrollar un nuevo tipo de dise\u00f1o activo con el entorno.","sameAs":["http:\/\/www.voluminica.com"],"url":"https:\/\/www.voluminica.com\/en\/author\/marlenlopez\/"}]}},"_links":{"self":[{"href":"https:\/\/www.voluminica.com\/en\/wp-json\/wp\/v2\/posts\/8551"}],"collection":[{"href":"https:\/\/www.voluminica.com\/en\/wp-json\/wp\/v2\/posts"}],"about":[{"href":"https:\/\/www.voluminica.com\/en\/wp-json\/wp\/v2\/types\/post"}],"author":[{"embeddable":true,"href":"https:\/\/www.voluminica.com\/en\/wp-json\/wp\/v2\/users\/2"}],"replies":[{"embeddable":true,"href":"https:\/\/www.voluminica.com\/en\/wp-json\/wp\/v2\/comments?post=8551"}],"version-history":[{"count":18,"href":"https:\/\/www.voluminica.com\/en\/wp-json\/wp\/v2\/posts\/8551\/revisions"}],"predecessor-version":[{"id":8581,"href":"https:\/\/www.voluminica.com\/en\/wp-json\/wp\/v2\/posts\/8551\/revisions\/8581"}],"wp:featuredmedia":[{"embeddable":true,"href":"https:\/\/www.voluminica.com\/en\/wp-json\/wp\/v2\/media\/8573"}],"wp:attachment":[{"href":"https:\/\/www.voluminica.com\/en\/wp-json\/wp\/v2\/media?parent=8551"}],"wp:term":[{"taxonomy":"category","embeddable":true,"href":"https:\/\/www.voluminica.com\/en\/wp-json\/wp\/v2\/categories?post=8551"},{"taxonomy":"post_tag","embeddable":true,"href":"https:\/\/www.voluminica.com\/en\/wp-json\/wp\/v2\/tags?post=8551"}],"curies":[{"name":"wp","href":"https:\/\/api.w.org\/{rel}","templated":true}]}}