{"id":9646,"date":"2021-06-21T10:23:06","date_gmt":"2021-06-21T08:23:06","guid":{"rendered":"https:\/\/www.voluminica.com\/?p=9646"},"modified":"2021-06-21T11:23:07","modified_gmt":"2021-06-21T09:23:07","slug":"disenando-un-futuro-sostenible","status":"publish","type":"post","link":"https:\/\/www.voluminica.com\/en\/disenando-un-futuro-sostenible\/","title":{"rendered":"Designing a sustainable future. An interview for EME Magazine"},"content":{"rendered":"<div id=\"fws_69f16cc77ef53\"  data-column-margin=\"default\" data-midnight=\"dark\"  class=\"wpb_row vc_row-fluid vc_row full-width-content vc_row-o-equal-height vc_row-flex vc_row-o-content-top\"  style=\"padding-top: 0px; padding-bottom: 0px; \"><div class=\"row-bg-wrap\" data-bg-animation=\"none\" data-bg-animation-delay=\"\" data-bg-overlay=\"false\"><div class=\"inner-wrap row-bg-layer\" ><div class=\"row-bg viewport-desktop\"  style=\"\"><\/div><\/div><\/div><div class=\"row_col_wrap_12 col span_12 dark left\">\n\t<div  class=\"vc_col-sm-3 vc_hidden-sm vc_hidden-xs wpb_column column_container vc_column_container col no-extra-padding inherit_tablet inherit_phone\"  data-padding-pos=\"all\" data-has-bg-color=\"false\" data-bg-color=\"\" data-bg-opacity=\"1\" data-animation=\"\" data-delay=\"0\" >\n\t\t<div class=\"vc_column-inner\" >\n\t\t\t<div class=\"wpb_wrapper\">\n\t\t\t\t\n\t\t\t<\/div> \n\t\t<\/div>\n\t<\/div> \n\n\t<div style=\"\" class=\"vc_col-sm-6 wpb_column column_container vc_column_container col padding-8-percent inherit_tablet inherit_phone\" data-using-bg=\"true\" data-padding-pos=\"all\" data-has-bg-color=\"true\" data-bg-color=\"#ffffff\" data-bg-opacity=\"1\" data-animation=\"\" data-delay=\"0\" >\n\t\t<div class=\"vc_column-inner\" ><div class=\"column-bg-overlay-wrap column-bg-layer\" data-bg-animation=\"none\"><div class=\"column-bg-overlay\" style=\"opacity: 1; background-color: #ffffff;\"><\/div><\/div>\n\t\t\t<div class=\"wpb_wrapper\">\n\t\t\t\t\n<div class=\"nectar-animated-title\" data-style=\"color-strip-reveal\" data-color=\"accent-color\">\n\t<div class=\"nectar-animated-title-outer\">\n\t\t<div class=\"nectar-animated-title-inner\">\n\t\t\t<div class=\"wrap\"><h5 style=\"color: #ffffff;\">Entrevista<\/h5><\/div>\n\t\t<\/div>\n\t<\/div>\n<\/div><h2 style=\"font-size: 42px;line-height: 52px;text-align: left\" class=\"vc_custom_heading\" >Dise\u00f1ando un futuro sostenible.<\/h2><h6 style=\"text-align: left\" class=\"vc_custom_heading\" ><a href=\"https:\/\/arze.design\/\">por Mario D\u00edaz Rodr\u00edguez - Dise\u00f1ador gr\u00e1fico.<\/a><\/h6><h6 style=\"text-align: left\" class=\"vc_custom_heading wpb_animate_when_almost_visible wpb_fadeInUp fadeInUp\" ><a href=\"https:\/\/mdi.upv.es\/ememagazine\/\">para EME Magazine Experimental Illustration, Art &amp; Design<\/a><\/h6><div class=\"img-with-aniamtion-wrap center\" data-max-width=\"100%\" data-max-width-mobile=\"default\" data-shadow=\"none\" data-animation=\"fade-in\"  style=\"margin-top: 5%; margin-bottom: 5%; \">\n      <div class=\"inner\">\n        <div class=\"hover-wrap\"> \n          <div class=\"hover-wrap-inner\">\n            <img class=\"img-with-animation skip-lazy\" data-delay=\"0\" height=\"945\" width=\"1400\" data-animation=\"fade-in\" src=\"https:\/\/www.voluminica.com\/wp-content\/uploads\/2021\/06\/EMEPortada.jpg\" alt=\"\" srcset=\"https:\/\/www.voluminica.com\/wp-content\/uploads\/2021\/06\/EMEPortada.jpg 1400w, https:\/\/www.voluminica.com\/wp-content\/uploads\/2021\/06\/EMEPortada-300x203.jpg 300w, https:\/\/www.voluminica.com\/wp-content\/uploads\/2021\/06\/EMEPortada-1024x691.jpg 1024w, https:\/\/www.voluminica.com\/wp-content\/uploads\/2021\/06\/EMEPortada-768x518.jpg 768w, https:\/\/www.voluminica.com\/wp-content\/uploads\/2021\/06\/EMEPortada-500x338.jpg 500w, https:\/\/www.voluminica.com\/wp-content\/uploads\/2021\/06\/EMEPortada-400x269.jpg 400w\" sizes=\"(max-width: 1400px) 100vw, 1400px\" \/>\n          <\/div>\n        <\/div>\n      <\/div>\n    <\/div>\n<div class=\"wpb_text_column wpb_content_element  vc_custom_1624263240687\" >\n\t<div class=\"wpb_wrapper\">\n\t\t<p>Sin haber tenido a\u00fan tiempo para recuperarnos de la pandemia mundial del COVID-19, entramos en una d\u00e9cada decisiva; y est\u00e1 en nuestras manos, las de todos y todas, encarrilar a nuestras comunidades hacia las v\u00edas del desarrollo sostenible. Es evidente que existen intereses econ\u00f3micos y sociopol\u00edticos que dificultan esta lucha pero nosotras, las personas creativas, podemos ejercer una influencia clave en todo esto. Pues son nuestras ideas las que tienen la capacidad de construir el presente e inspirar el futuro. Hoy hablamos con Marl\u00e9n L\u00f3pez, arquitecta biodigital experta en biom\u00edmesis, y con Manuel Persa, director creativo especializado en el dise\u00f1o de identidad corporativa, sobre algunas formas de llevar a cabo esas ideas experimentales y potencialmente revolucionarias.<br \/>\nMarl\u00e9n y Manuel son los creadores de Volum\u00ednica, un estudio de dise\u00f1o centrado en el branding y el dise\u00f1o de espacios, que llevados por la inercia y la curiosidad han fundado recientemente el Laboratorio Biomim\u00e9tico. Un lugar dedicado a la investigaci\u00f3n y la divulgaci\u00f3n de c\u00f3mo la naturaleza puede mejorar nuestros dise\u00f1os.<\/p>\n\t<\/div>\n<\/div>\n\n\n\n<div class=\"divider-wrap\" data-alignment=\"default\"><div style=\"margin-top: 30px; height: 1px; margin-bottom: 30px;\" data-width=\"100%\" data-animate=\"yes\" data-animation-delay=\"\" data-color=\"default\" class=\"divider-border\"><\/div><\/div>\n<div class=\"wpb_text_column wpb_content_element  vc_custom_1624263562295\" >\n\t<div class=\"wpb_wrapper\">\n\t\t<p>Contin\u00faa leyendo la entrevista en pdf o desde la web oficial de la Universidad Polit\u00e9cnica de Valencia:<\/p>\n\t<\/div>\n<\/div>\n\n\n\n<div class=\"nectar-cta  alignment_tablet_default alignment_phone_default\" data-color=\"default\" data-using-bg=\"false\" data-style=\"arrow-animation\" data-display=\"block\" data-alignment=\"left\" data-text-color=\"std\" ><h6><span class=\"link_wrap\" ><a target=\"_blank\" class=\"link_text\" href=\"https:\/\/www.voluminica.com\/wp-content\/uploads\/2021\/06\/EME-Magazine-Marlen-Lopez-y-Manuel-Persa.pdf\"><span class=\"text\">Entrevista en pdf<\/span><svg class=\"next-arrow\" aria-hidden=\"true\" width=\"20px\" height=\"25px\" viewbox=\"0 0 50 80\" xml:space=\"preserve\">\n  <polyline stroke=\"#ffffff\" stroke-width=\"9\" fill=\"none\" stroke-linecap=\"round\" stroke-linejoin=\"round\" points=\"0, 0 45, 40 0, 80\"\/>\n  <\/svg>  <span class=\"line\" ><\/span> <\/a><\/span><\/h6><\/div><div class=\"nectar-cta  alignment_tablet_default alignment_phone_default\" data-color=\"default\" data-using-bg=\"false\" data-style=\"arrow-animation\" data-display=\"block\" data-alignment=\"left\" data-text-color=\"std\" ><h6><span class=\"link_wrap\" ><a target=\"_blank\" class=\"link_text\" href=\"https:\/\/polipapers.upv.es\/index.php\/eme\/article\/view\/15693\/13847\"><span class=\"text\">Entrevista en UPA<\/span><svg class=\"next-arrow\" aria-hidden=\"true\" width=\"20px\" height=\"25px\" viewbox=\"0 0 50 80\" xml:space=\"preserve\">\n  <polyline stroke=\"#ffffff\" stroke-width=\"9\" fill=\"none\" stroke-linecap=\"round\" stroke-linejoin=\"round\" points=\"0, 0 45, 40 0, 80\"\/>\n  <\/svg>  <span class=\"line\" ><\/span> <\/a><\/span><\/h6><\/div>\n\t\t\t<\/div> \n\t\t<\/div>\n\t<\/div> \n\n\t<div  class=\"vc_col-sm-3 vc_hidden-sm vc_hidden-xs wpb_column column_container vc_column_container col no-extra-padding inherit_tablet inherit_phone\"  data-padding-pos=\"all\" data-has-bg-color=\"false\" data-bg-color=\"\" data-bg-opacity=\"1\" data-animation=\"\" data-delay=\"0\" >\n\t\t<div class=\"vc_column-inner\" >\n\t\t\t<div class=\"wpb_wrapper\">\n\t\t\t\t\n\t\t\t<\/div> \n\t\t<\/div>\n\t<\/div> \n<\/div><\/div>","protected":false},"excerpt":{"rendered":"Entrevista Dise\u00f1ando un futuro sostenible.por Mario D\u00edaz Rodr\u00edguez - Dise\u00f1ador gr\u00e1fico.para EME Magazine Experimental Illustration, Art &amp; Design Sin haber tenido a\u00fan tiempo para recuperarnos de la pandemia mundial del...","protected":false},"author":1,"featured_media":9665,"comment_status":"open","ping_status":"open","sticky":false,"template":"","format":"standard","meta":{"_exactmetrics_skip_tracking":false,"_exactmetrics_sitenote_active":false,"_exactmetrics_sitenote_note":"","_exactmetrics_sitenote_category":0},"categories":[139,145],"tags":[149,151,150,147,148,146],"yoast_head":"<!-- This site is optimized with the Yoast SEO plugin v21.1 - https:\/\/yoast.com\/wordpress\/plugins\/seo\/ -->\n<title>Dise\u00f1ando un futuro sostenible. Entevista para EME Magazine - Voluminica\u00ae<\/title>\n<meta name=\"description\" content=\"Un lugar dedicado a la investigaci\u00f3n y la divulgaci\u00f3n de c\u00f3mo la naturaleza puede mejorar nuestros dise\u00f1os.\" \/>\n<meta name=\"robots\" content=\"index, follow, max-snippet:-1, max-image-preview:large, max-video-preview:-1\" \/>\n<link rel=\"canonical\" href=\"https:\/\/www.voluminica.com\/en\/disenando-un-futuro-sostenible\/\" \/>\n<meta property=\"og:locale\" content=\"en_GB\" \/>\n<meta property=\"og:type\" content=\"article\" \/>\n<meta property=\"og:title\" content=\"Dise\u00f1ando un futuro sostenible. Entevista para EME Magazine - Voluminica\u00ae\" \/>\n<meta property=\"og:description\" content=\"Un lugar dedicado a la investigaci\u00f3n y la divulgaci\u00f3n de c\u00f3mo la naturaleza puede mejorar nuestros dise\u00f1os.\" \/>\n<meta property=\"og:url\" content=\"https:\/\/www.voluminica.com\/en\/disenando-un-futuro-sostenible\/\" \/>\n<meta property=\"og:site_name\" content=\"Voluminica\u00ae\" \/>\n<meta property=\"article:publisher\" content=\"https:\/\/www.facebook.com\/Voluminica\/\" \/>\n<meta property=\"article:published_time\" content=\"2021-06-21T08:23:06+00:00\" \/>\n<meta property=\"article:modified_time\" content=\"2021-06-21T09:23:07+00:00\" \/>\n<meta property=\"og:image\" content=\"https:\/\/www.voluminica.com\/wp-content\/uploads\/2021\/06\/EMEMagazine.jpg\" \/>\n\t<meta property=\"og:image:width\" content=\"1400\" \/>\n\t<meta property=\"og:image:height\" content=\"933\" \/>\n\t<meta property=\"og:image:type\" content=\"image\/jpeg\" \/>\n<meta name=\"author\" content=\"Manuel Persa\" \/>\n<meta name=\"twitter:card\" content=\"summary_large_image\" \/>\n<meta name=\"twitter:creator\" content=\"@voluminica\" \/>\n<meta name=\"twitter:site\" content=\"@voluminica\" \/>\n<meta name=\"twitter:label1\" content=\"Written by\" \/>\n\t<meta name=\"twitter:data1\" content=\"Manuel Persa\" \/>\n\t<meta name=\"twitter:label2\" content=\"Estimated reading time\" \/>\n\t<meta name=\"twitter:data2\" content=\"2 minutes\" \/>\n<script type=\"application\/ld+json\" class=\"yoast-schema-graph\">{\"@context\":\"https:\/\/schema.org\",\"@graph\":[{\"@type\":\"Article\",\"@id\":\"https:\/\/www.voluminica.com\/disenando-un-futuro-sostenible\/#article\",\"isPartOf\":{\"@id\":\"https:\/\/www.voluminica.com\/disenando-un-futuro-sostenible\/\"},\"author\":{\"name\":\"Manuel Persa\",\"@id\":\"https:\/\/www.voluminica.com\/#\/schema\/person\/f88b83d299c33733545472b0d9b38952\"},\"headline\":\"Dise\u00f1ando un futuro sostenible. Entevista para EME Magazine\",\"datePublished\":\"2021-06-21T08:23:06+00:00\",\"dateModified\":\"2021-06-21T09:23:07+00:00\",\"mainEntityOfPage\":{\"@id\":\"https:\/\/www.voluminica.com\/disenando-un-futuro-sostenible\/\"},\"wordCount\":784,\"commentCount\":0,\"publisher\":{\"@id\":\"https:\/\/www.voluminica.com\/#organization\"},\"keywords\":[\"arquitectura ef\u00edmera\",\"basura\",\"concienciacion medioambiental\",\"ecodise\u00f1o\",\"econom\u00eda circular\",\"sostenibilidad\"],\"articleSection\":[\"Dise\u00f1o\",\"Sostenibilidad\"],\"inLanguage\":\"en-GB\",\"potentialAction\":[{\"@type\":\"CommentAction\",\"name\":\"Comment\",\"target\":[\"https:\/\/www.voluminica.com\/disenando-un-futuro-sostenible\/#respond\"]}]},{\"@type\":\"WebPage\",\"@id\":\"https:\/\/www.voluminica.com\/disenando-un-futuro-sostenible\/\",\"url\":\"https:\/\/www.voluminica.com\/disenando-un-futuro-sostenible\/\",\"name\":\"Dise\u00f1ando un futuro sostenible. Entevista para EME Magazine - Voluminica\u00ae\",\"isPartOf\":{\"@id\":\"https:\/\/www.voluminica.com\/#website\"},\"datePublished\":\"2021-06-21T08:23:06+00:00\",\"dateModified\":\"2021-06-21T09:23:07+00:00\",\"description\":\"Un lugar dedicado a la investigaci\u00f3n y la divulgaci\u00f3n de c\u00f3mo la naturaleza puede mejorar nuestros dise\u00f1os.\",\"breadcrumb\":{\"@id\":\"https:\/\/www.voluminica.com\/disenando-un-futuro-sostenible\/#breadcrumb\"},\"inLanguage\":\"en-GB\",\"potentialAction\":[{\"@type\":\"ReadAction\",\"target\":[\"https:\/\/www.voluminica.com\/disenando-un-futuro-sostenible\/\"]}]},{\"@type\":\"BreadcrumbList\",\"@id\":\"https:\/\/www.voluminica.com\/disenando-un-futuro-sostenible\/#breadcrumb\",\"itemListElement\":[{\"@type\":\"ListItem\",\"position\":1,\"name\":\"Portada\",\"item\":\"https:\/\/www.voluminica.com\/\"},{\"@type\":\"ListItem\",\"position\":2,\"name\":\"Dise\u00f1ando un futuro sostenible. Entevista para EME Magazine\"}]},{\"@type\":\"WebSite\",\"@id\":\"https:\/\/www.voluminica.com\/#website\",\"url\":\"https:\/\/www.voluminica.com\/\",\"name\":\"Voluminica\u00ae\",\"description\":\"Laboratorio de arquitectura y dise\u00f1o audiovisual\",\"publisher\":{\"@id\":\"https:\/\/www.voluminica.com\/#organization\"},\"potentialAction\":[{\"@type\":\"SearchAction\",\"target\":{\"@type\":\"EntryPoint\",\"urlTemplate\":\"https:\/\/www.voluminica.com\/?s={search_term_string}\"},\"query-input\":\"required name=search_term_string\"}],\"inLanguage\":\"en-GB\"},{\"@type\":\"Organization\",\"@id\":\"https:\/\/www.voluminica.com\/#organization\",\"name\":\"Volum\u00ednica\",\"url\":\"https:\/\/www.voluminica.com\/\",\"logo\":{\"@type\":\"ImageObject\",\"inLanguage\":\"en-GB\",\"@id\":\"https:\/\/www.voluminica.com\/#\/schema\/logo\/image\/\",\"url\":\"https:\/\/www.voluminica.com\/wp-content\/uploads\/2018\/07\/LogoVoluminica4.png\",\"contentUrl\":\"https:\/\/www.voluminica.com\/wp-content\/uploads\/2018\/07\/LogoVoluminica4.png\",\"width\":600,\"height\":71,\"caption\":\"Volum\u00ednica\"},\"image\":{\"@id\":\"https:\/\/www.voluminica.com\/#\/schema\/logo\/image\/\"},\"sameAs\":[\"https:\/\/www.facebook.com\/Voluminica\/\",\"https:\/\/twitter.com\/voluminica\",\"https:\/\/www.instagram.com\/voluminica\/\",\"https:\/\/www.linkedin.com\/company\/voluminica\/\"]},{\"@type\":\"Person\",\"@id\":\"https:\/\/www.voluminica.com\/#\/schema\/person\/f88b83d299c33733545472b0d9b38952\",\"name\":\"Manuel Persa\",\"image\":{\"@type\":\"ImageObject\",\"inLanguage\":\"en-GB\",\"@id\":\"https:\/\/www.voluminica.com\/#\/schema\/person\/image\/\",\"url\":\"https:\/\/secure.gravatar.com\/avatar\/7f79a1dadd4e2d7c2aeb3c267c8cc677?s=96&d=mm&r=g\",\"contentUrl\":\"https:\/\/secure.gravatar.com\/avatar\/7f79a1dadd4e2d7c2aeb3c267c8cc677?s=96&d=mm&r=g\",\"caption\":\"Manuel Persa\"},\"description\":\"Especialista en dise\u00f1o de marca y estrategia conceptual con enfoque en soluciones de dise\u00f1o vanguardistas y sostenibles. Trabajo como director creativo especializado en dise\u00f1o de marca y estrategia conceptual, para proyectos de dise\u00f1o gr\u00e1fico y multimedia en Volum\u00ednica studio. Como investigador en Laboratorio Biomim\u00e9tico, fusiono creatividad y experimentaci\u00f3n a trav\u00e9s del uso de las nuevas tecnolog\u00edas, as\u00ed como la investigaci\u00f3n en biopl\u00e1sticos para crear soluciones sostenibles e innovadoras. Conocedor tanto de los nuevos sistemas de fabricaci\u00f3n (impresi\u00f3n 3D, corte l\u00e1ser, CNC) como de los antiguos y m\u00e1s artesanales (el origami, el trenzado de fibras vegetales o la alfarer\u00eda). Diplomado por la Escuela Superior de Arte del Principado de Asturias, ESAPA, y M\u00e1ster en presentaciones Multimedia por la Escola Superior de Disseny i Enginyeria de Barcelona, ELISAVA. Premios Asturias Dise\u00f1a en las categor\u00edas de Escaparatismo y Dise\u00f1o Sostenible 2019.\",\"sameAs\":[\"http:\/\/www.voluminica.com\"],\"url\":\"https:\/\/www.voluminica.com\/en\/author\/adminvoluminica2\/\"}]}<\/script>\n<!-- \/ Yoast SEO plugin. -->","yoast_head_json":{"title":"Dise\u00f1ando un futuro sostenible. Entevista para EME Magazine - Voluminica\u00ae","description":"Un lugar dedicado a la investigaci\u00f3n y la divulgaci\u00f3n de c\u00f3mo la naturaleza puede mejorar nuestros dise\u00f1os.","robots":{"index":"index","follow":"follow","max-snippet":"max-snippet:-1","max-image-preview":"max-image-preview:large","max-video-preview":"max-video-preview:-1"},"canonical":"https:\/\/www.voluminica.com\/en\/disenando-un-futuro-sostenible\/","og_locale":"en_GB","og_type":"article","og_title":"Dise\u00f1ando un futuro sostenible. Entevista para EME Magazine - Voluminica\u00ae","og_description":"Un lugar dedicado a la investigaci\u00f3n y la divulgaci\u00f3n de c\u00f3mo la naturaleza puede mejorar nuestros dise\u00f1os.","og_url":"https:\/\/www.voluminica.com\/en\/disenando-un-futuro-sostenible\/","og_site_name":"Voluminica\u00ae","article_publisher":"https:\/\/www.facebook.com\/Voluminica\/","article_published_time":"2021-06-21T08:23:06+00:00","article_modified_time":"2021-06-21T09:23:07+00:00","og_image":[{"width":1400,"height":933,"url":"https:\/\/www.voluminica.com\/wp-content\/uploads\/2021\/06\/EMEMagazine.jpg","type":"image\/jpeg"}],"author":"Manuel Persa","twitter_card":"summary_large_image","twitter_creator":"@voluminica","twitter_site":"@voluminica","twitter_misc":{"Written by":"Manuel Persa","Estimated reading time":"2 minutes"},"schema":{"@context":"https:\/\/schema.org","@graph":[{"@type":"Article","@id":"https:\/\/www.voluminica.com\/disenando-un-futuro-sostenible\/#article","isPartOf":{"@id":"https:\/\/www.voluminica.com\/disenando-un-futuro-sostenible\/"},"author":{"name":"Manuel Persa","@id":"https:\/\/www.voluminica.com\/#\/schema\/person\/f88b83d299c33733545472b0d9b38952"},"headline":"Dise\u00f1ando un futuro sostenible. Entevista para EME Magazine","datePublished":"2021-06-21T08:23:06+00:00","dateModified":"2021-06-21T09:23:07+00:00","mainEntityOfPage":{"@id":"https:\/\/www.voluminica.com\/disenando-un-futuro-sostenible\/"},"wordCount":784,"commentCount":0,"publisher":{"@id":"https:\/\/www.voluminica.com\/#organization"},"keywords":["arquitectura ef\u00edmera","basura","concienciacion medioambiental","ecodise\u00f1o","econom\u00eda circular","sostenibilidad"],"articleSection":["Dise\u00f1o","Sostenibilidad"],"inLanguage":"en-GB","potentialAction":[{"@type":"CommentAction","name":"Comment","target":["https:\/\/www.voluminica.com\/disenando-un-futuro-sostenible\/#respond"]}]},{"@type":"WebPage","@id":"https:\/\/www.voluminica.com\/disenando-un-futuro-sostenible\/","url":"https:\/\/www.voluminica.com\/disenando-un-futuro-sostenible\/","name":"Dise\u00f1ando un futuro sostenible. Entevista para EME Magazine - Voluminica\u00ae","isPartOf":{"@id":"https:\/\/www.voluminica.com\/#website"},"datePublished":"2021-06-21T08:23:06+00:00","dateModified":"2021-06-21T09:23:07+00:00","description":"Un lugar dedicado a la investigaci\u00f3n y la divulgaci\u00f3n de c\u00f3mo la naturaleza puede mejorar nuestros dise\u00f1os.","breadcrumb":{"@id":"https:\/\/www.voluminica.com\/disenando-un-futuro-sostenible\/#breadcrumb"},"inLanguage":"en-GB","potentialAction":[{"@type":"ReadAction","target":["https:\/\/www.voluminica.com\/disenando-un-futuro-sostenible\/"]}]},{"@type":"BreadcrumbList","@id":"https:\/\/www.voluminica.com\/disenando-un-futuro-sostenible\/#breadcrumb","itemListElement":[{"@type":"ListItem","position":1,"name":"Portada","item":"https:\/\/www.voluminica.com\/"},{"@type":"ListItem","position":2,"name":"Dise\u00f1ando un futuro sostenible. Entevista para EME Magazine"}]},{"@type":"WebSite","@id":"https:\/\/www.voluminica.com\/#website","url":"https:\/\/www.voluminica.com\/","name":"Voluminica\u00ae","description":"Laboratorio de arquitectura y dise\u00f1o audiovisual","publisher":{"@id":"https:\/\/www.voluminica.com\/#organization"},"potentialAction":[{"@type":"SearchAction","target":{"@type":"EntryPoint","urlTemplate":"https:\/\/www.voluminica.com\/?s={search_term_string}"},"query-input":"required name=search_term_string"}],"inLanguage":"en-GB"},{"@type":"Organization","@id":"https:\/\/www.voluminica.com\/#organization","name":"Volum\u00ednica","url":"https:\/\/www.voluminica.com\/","logo":{"@type":"ImageObject","inLanguage":"en-GB","@id":"https:\/\/www.voluminica.com\/#\/schema\/logo\/image\/","url":"https:\/\/www.voluminica.com\/wp-content\/uploads\/2018\/07\/LogoVoluminica4.png","contentUrl":"https:\/\/www.voluminica.com\/wp-content\/uploads\/2018\/07\/LogoVoluminica4.png","width":600,"height":71,"caption":"Volum\u00ednica"},"image":{"@id":"https:\/\/www.voluminica.com\/#\/schema\/logo\/image\/"},"sameAs":["https:\/\/www.facebook.com\/Voluminica\/","https:\/\/twitter.com\/voluminica","https:\/\/www.instagram.com\/voluminica\/","https:\/\/www.linkedin.com\/company\/voluminica\/"]},{"@type":"Person","@id":"https:\/\/www.voluminica.com\/#\/schema\/person\/f88b83d299c33733545472b0d9b38952","name":"Manuel Persian","image":{"@type":"ImageObject","inLanguage":"en-GB","@id":"https:\/\/www.voluminica.com\/#\/schema\/person\/image\/","url":"https:\/\/secure.gravatar.com\/avatar\/7f79a1dadd4e2d7c2aeb3c267c8cc677?s=96&d=mm&r=g","contentUrl":"https:\/\/secure.gravatar.com\/avatar\/7f79a1dadd4e2d7c2aeb3c267c8cc677?s=96&d=mm&r=g","caption":"Manuel Persa"},"description":"Especialista en dise\u00f1o de marca y estrategia conceptual con enfoque en soluciones de dise\u00f1o vanguardistas y sostenibles. Trabajo como director creativo especializado en dise\u00f1o de marca y estrategia conceptual, para proyectos de dise\u00f1o gr\u00e1fico y multimedia en Volum\u00ednica studio. Como investigador en Laboratorio Biomim\u00e9tico, fusiono creatividad y experimentaci\u00f3n a trav\u00e9s del uso de las nuevas tecnolog\u00edas, as\u00ed como la investigaci\u00f3n en biopl\u00e1sticos para crear soluciones sostenibles e innovadoras. Conocedor tanto de los nuevos sistemas de fabricaci\u00f3n (impresi\u00f3n 3D, corte l\u00e1ser, CNC) como de los antiguos y m\u00e1s artesanales (el origami, el trenzado de fibras vegetales o la alfarer\u00eda). Diplomado por la Escuela Superior de Arte del Principado de Asturias, ESAPA, y M\u00e1ster en presentaciones Multimedia por la Escola Superior de Disseny i Enginyeria de Barcelona, ELISAVA. Premios Asturias Dise\u00f1a en las categor\u00edas de Escaparatismo y Dise\u00f1o Sostenible 2019.","sameAs":["http:\/\/www.voluminica.com"],"url":"https:\/\/www.voluminica.com\/en\/author\/adminvoluminica2\/"}]}},"_links":{"self":[{"href":"https:\/\/www.voluminica.com\/en\/wp-json\/wp\/v2\/posts\/9646"}],"collection":[{"href":"https:\/\/www.voluminica.com\/en\/wp-json\/wp\/v2\/posts"}],"about":[{"href":"https:\/\/www.voluminica.com\/en\/wp-json\/wp\/v2\/types\/post"}],"author":[{"embeddable":true,"href":"https:\/\/www.voluminica.com\/en\/wp-json\/wp\/v2\/users\/1"}],"replies":[{"embeddable":true,"href":"https:\/\/www.voluminica.com\/en\/wp-json\/wp\/v2\/comments?post=9646"}],"version-history":[{"count":18,"href":"https:\/\/www.voluminica.com\/en\/wp-json\/wp\/v2\/posts\/9646\/revisions"}],"predecessor-version":[{"id":9668,"href":"https:\/\/www.voluminica.com\/en\/wp-json\/wp\/v2\/posts\/9646\/revisions\/9668"}],"wp:featuredmedia":[{"embeddable":true,"href":"https:\/\/www.voluminica.com\/en\/wp-json\/wp\/v2\/media\/9665"}],"wp:attachment":[{"href":"https:\/\/www.voluminica.com\/en\/wp-json\/wp\/v2\/media?parent=9646"}],"wp:term":[{"taxonomy":"category","embeddable":true,"href":"https:\/\/www.voluminica.com\/en\/wp-json\/wp\/v2\/categories?post=9646"},{"taxonomy":"post_tag","embeddable":true,"href":"https:\/\/www.voluminica.com\/en\/wp-json\/wp\/v2\/tags?post=9646"}],"curies":[{"name":"wp","href":"https:\/\/api.w.org\/{rel}","templated":true}]}}