{"id":1,"name":"Manuel Persa","url":"http:\/\/www.voluminica.com","description":"Especialista en dise\u00f1o de marca y estrategia conceptual con enfoque en soluciones de dise\u00f1o vanguardistas y sostenibles.\r\nTrabajo como director creativo especializado en dise\u00f1o de marca y estrategia conceptual, para proyectos de dise\u00f1o gr\u00e1fico y multimedia en Volum\u00ednica studio.\r\nComo investigador en Laboratorio Biomim\u00e9tico, fusiono creatividad y experimentaci\u00f3n a trav\u00e9s del uso de las nuevas tecnolog\u00edas, as\u00ed como la investigaci\u00f3n en biopl\u00e1sticos para crear soluciones sostenibles e innovadoras.\r\nConocedor tanto de los nuevos sistemas de fabricaci\u00f3n (impresi\u00f3n 3D, corte l\u00e1ser, CNC) como de los antiguos y m\u00e1s artesanales (el origami, el trenzado de fibras vegetales o la alfarer\u00eda).\r\nDiplomado por la Escuela Superior de Arte del Principado de Asturias, ESAPA, y M\u00e1ster en presentaciones Multimedia por la Escola Superior de Disseny i Enginyeria de Barcelona, ELISAVA.\r\nPremios Asturias Dise\u00f1a en las categor\u00edas de Escaparatismo y Dise\u00f1o Sostenible 2019.","link":"https:\/\/www.voluminica.com\/en\/author\/adminvoluminica2\/","slug":"adminvoluminica2","avatar_urls":{"24":"https:\/\/secure.gravatar.com\/avatar\/7f79a1dadd4e2d7c2aeb3c267c8cc677?s=24&d=mm&r=g","48":"https:\/\/secure.gravatar.com\/avatar\/7f79a1dadd4e2d7c2aeb3c267c8cc677?s=48&d=mm&r=g","96":"https:\/\/secure.gravatar.com\/avatar\/7f79a1dadd4e2d7c2aeb3c267c8cc677?s=96&d=mm&r=g"},"meta":[],"yoast_head":"<!-- This site is optimized with the Yoast SEO plugin v21.1 - https:\/\/yoast.com\/wordpress\/plugins\/seo\/ -->\n<title>Manuel Persa, autor en Voluminica\u00ae<\/title>\n<meta name=\"robots\" content=\"index, follow, max-snippet:-1, max-image-preview:large, max-video-preview:-1\" \/>\n<link rel=\"canonical\" href=\"https:\/\/www.voluminica.com\/en\/author\/adminvoluminica2\/\" \/>\n<meta property=\"og:locale\" content=\"en_GB\" \/>\n<meta property=\"og:type\" content=\"profile\" \/>\n<meta property=\"og:title\" content=\"Manuel Persa, autor en Voluminica\u00ae\" \/>\n<meta property=\"og:url\" content=\"https:\/\/www.voluminica.com\/en\/author\/adminvoluminica2\/\" \/>\n<meta property=\"og:site_name\" content=\"Voluminica\u00ae\" \/>\n<meta property=\"og:image\" content=\"https:\/\/secure.gravatar.com\/avatar\/7f79a1dadd4e2d7c2aeb3c267c8cc677?s=500&d=mm&r=g\" \/>\n<meta name=\"twitter:card\" content=\"summary_large_image\" \/>\n<meta name=\"twitter:site\" content=\"@voluminica\" \/>\n<script type=\"application\/ld+json\" class=\"yoast-schema-graph\">{\"@context\":\"https:\/\/schema.org\",\"@graph\":[{\"@type\":\"ProfilePage\",\"@id\":\"https:\/\/www.voluminica.com\/author\/adminvoluminica2\/\",\"url\":\"https:\/\/www.voluminica.com\/author\/adminvoluminica2\/\",\"name\":\"Manuel Persa, autor en Voluminica\u00ae\",\"isPartOf\":{\"@id\":\"https:\/\/www.voluminica.com\/#website\"},\"breadcrumb\":{\"@id\":\"https:\/\/www.voluminica.com\/author\/adminvoluminica2\/#breadcrumb\"},\"inLanguage\":\"en-GB\",\"potentialAction\":[{\"@type\":\"ReadAction\",\"target\":[\"https:\/\/www.voluminica.com\/author\/adminvoluminica2\/\"]}]},{\"@type\":\"BreadcrumbList\",\"@id\":\"https:\/\/www.voluminica.com\/author\/adminvoluminica2\/#breadcrumb\",\"itemListElement\":[{\"@type\":\"ListItem\",\"position\":1,\"name\":\"Portada\",\"item\":\"https:\/\/www.voluminica.com\/\"},{\"@type\":\"ListItem\",\"position\":2,\"name\":\"Archivo de Manuel Persa\"}]},{\"@type\":\"WebSite\",\"@id\":\"https:\/\/www.voluminica.com\/#website\",\"url\":\"https:\/\/www.voluminica.com\/\",\"name\":\"Voluminica\u00ae\",\"description\":\"Laboratorio de arquitectura y dise\u00f1o audiovisual\",\"publisher\":{\"@id\":\"https:\/\/www.voluminica.com\/#organization\"},\"potentialAction\":[{\"@type\":\"SearchAction\",\"target\":{\"@type\":\"EntryPoint\",\"urlTemplate\":\"https:\/\/www.voluminica.com\/?s={search_term_string}\"},\"query-input\":\"required name=search_term_string\"}],\"inLanguage\":\"en-GB\"},{\"@type\":\"Organization\",\"@id\":\"https:\/\/www.voluminica.com\/#organization\",\"name\":\"Volum\u00ednica\",\"url\":\"https:\/\/www.voluminica.com\/\",\"logo\":{\"@type\":\"ImageObject\",\"inLanguage\":\"en-GB\",\"@id\":\"https:\/\/www.voluminica.com\/#\/schema\/logo\/image\/\",\"url\":\"https:\/\/www.voluminica.com\/wp-content\/uploads\/2018\/07\/LogoVoluminica4.png\",\"contentUrl\":\"https:\/\/www.voluminica.com\/wp-content\/uploads\/2018\/07\/LogoVoluminica4.png\",\"width\":600,\"height\":71,\"caption\":\"Volum\u00ednica\"},\"image\":{\"@id\":\"https:\/\/www.voluminica.com\/#\/schema\/logo\/image\/\"},\"sameAs\":[\"https:\/\/www.facebook.com\/Voluminica\/\",\"https:\/\/twitter.com\/voluminica\",\"https:\/\/www.instagram.com\/voluminica\/\",\"https:\/\/www.linkedin.com\/company\/voluminica\/\"]},{\"@type\":\"Person\",\"@id\":\"https:\/\/www.voluminica.com\/#\/schema\/person\/f88b83d299c33733545472b0d9b38952\",\"name\":\"Manuel Persa\",\"image\":{\"@type\":\"ImageObject\",\"inLanguage\":\"en-GB\",\"@id\":\"https:\/\/www.voluminica.com\/#\/schema\/person\/image\/\",\"url\":\"https:\/\/secure.gravatar.com\/avatar\/7f79a1dadd4e2d7c2aeb3c267c8cc677?s=96&d=mm&r=g\",\"contentUrl\":\"https:\/\/secure.gravatar.com\/avatar\/7f79a1dadd4e2d7c2aeb3c267c8cc677?s=96&d=mm&r=g\",\"caption\":\"Manuel Persa\"},\"description\":\"Especialista en dise\u00f1o de marca y estrategia conceptual con enfoque en soluciones de dise\u00f1o vanguardistas y sostenibles. Trabajo como director creativo especializado en dise\u00f1o de marca y estrategia conceptual, para proyectos de dise\u00f1o gr\u00e1fico y multimedia en Volum\u00ednica studio. Como investigador en Laboratorio Biomim\u00e9tico, fusiono creatividad y experimentaci\u00f3n a trav\u00e9s del uso de las nuevas tecnolog\u00edas, as\u00ed como la investigaci\u00f3n en biopl\u00e1sticos para crear soluciones sostenibles e innovadoras. Conocedor tanto de los nuevos sistemas de fabricaci\u00f3n (impresi\u00f3n 3D, corte l\u00e1ser, CNC) como de los antiguos y m\u00e1s artesanales (el origami, el trenzado de fibras vegetales o la alfarer\u00eda). Diplomado por la Escuela Superior de Arte del Principado de Asturias, ESAPA, y M\u00e1ster en presentaciones Multimedia por la Escola Superior de Disseny i Enginyeria de Barcelona, ELISAVA. Premios Asturias Dise\u00f1a en las categor\u00edas de Escaparatismo y Dise\u00f1o Sostenible 2019.\",\"sameAs\":[\"http:\/\/www.voluminica.com\"],\"mainEntityOfPage\":{\"@id\":\"https:\/\/www.voluminica.com\/author\/adminvoluminica2\/\"}}]}<\/script>\n<!-- \/ Yoast SEO plugin. -->","yoast_head_json":{"title":"Manuel Persa, autor en Voluminica\u00ae","robots":{"index":"index","follow":"follow","max-snippet":"max-snippet:-1","max-image-preview":"max-image-preview:large","max-video-preview":"max-video-preview:-1"},"canonical":"https:\/\/www.voluminica.com\/en\/author\/adminvoluminica2\/","og_locale":"en_GB","og_type":"profile","og_title":"Manuel Persa, autor en Voluminica\u00ae","og_url":"https:\/\/www.voluminica.com\/en\/author\/adminvoluminica2\/","og_site_name":"Voluminica\u00ae","og_image":[{"url":"https:\/\/secure.gravatar.com\/avatar\/7f79a1dadd4e2d7c2aeb3c267c8cc677?s=500&d=mm&r=g"}],"twitter_card":"summary_large_image","twitter_site":"@voluminica","schema":{"@context":"https:\/\/schema.org","@graph":[{"@type":"ProfilePage","@id":"https:\/\/www.voluminica.com\/author\/adminvoluminica2\/","url":"https:\/\/www.voluminica.com\/author\/adminvoluminica2\/","name":"Manuel Persa, autor en Voluminica\u00ae","isPartOf":{"@id":"https:\/\/www.voluminica.com\/#website"},"breadcrumb":{"@id":"https:\/\/www.voluminica.com\/author\/adminvoluminica2\/#breadcrumb"},"inLanguage":"en-GB","potentialAction":[{"@type":"ReadAction","target":["https:\/\/www.voluminica.com\/author\/adminvoluminica2\/"]}]},{"@type":"BreadcrumbList","@id":"https:\/\/www.voluminica.com\/author\/adminvoluminica2\/#breadcrumb","itemListElement":[{"@type":"ListItem","position":1,"name":"Portada","item":"https:\/\/www.voluminica.com\/"},{"@type":"ListItem","position":2,"name":"Archivo de Manuel Persa"}]},{"@type":"WebSite","@id":"https:\/\/www.voluminica.com\/#website","url":"https:\/\/www.voluminica.com\/","name":"Voluminica\u00ae","description":"Laboratorio de arquitectura y dise\u00f1o audiovisual","publisher":{"@id":"https:\/\/www.voluminica.com\/#organization"},"potentialAction":[{"@type":"SearchAction","target":{"@type":"EntryPoint","urlTemplate":"https:\/\/www.voluminica.com\/?s={search_term_string}"},"query-input":"required name=search_term_string"}],"inLanguage":"en-GB"},{"@type":"Organization","@id":"https:\/\/www.voluminica.com\/#organization","name":"Volum\u00ednica","url":"https:\/\/www.voluminica.com\/","logo":{"@type":"ImageObject","inLanguage":"en-GB","@id":"https:\/\/www.voluminica.com\/#\/schema\/logo\/image\/","url":"https:\/\/www.voluminica.com\/wp-content\/uploads\/2018\/07\/LogoVoluminica4.png","contentUrl":"https:\/\/www.voluminica.com\/wp-content\/uploads\/2018\/07\/LogoVoluminica4.png","width":600,"height":71,"caption":"Volum\u00ednica"},"image":{"@id":"https:\/\/www.voluminica.com\/#\/schema\/logo\/image\/"},"sameAs":["https:\/\/www.facebook.com\/Voluminica\/","https:\/\/twitter.com\/voluminica","https:\/\/www.instagram.com\/voluminica\/","https:\/\/www.linkedin.com\/company\/voluminica\/"]},{"@type":"Person","@id":"https:\/\/www.voluminica.com\/#\/schema\/person\/f88b83d299c33733545472b0d9b38952","name":"Manuel Persa","image":{"@type":"ImageObject","inLanguage":"en-GB","@id":"https:\/\/www.voluminica.com\/#\/schema\/person\/image\/","url":"https:\/\/secure.gravatar.com\/avatar\/7f79a1dadd4e2d7c2aeb3c267c8cc677?s=96&d=mm&r=g","contentUrl":"https:\/\/secure.gravatar.com\/avatar\/7f79a1dadd4e2d7c2aeb3c267c8cc677?s=96&d=mm&r=g","caption":"Manuel Persa"},"description":"Especialista en dise\u00f1o de marca y estrategia conceptual con enfoque en soluciones de dise\u00f1o vanguardistas y sostenibles. Trabajo como director creativo especializado en dise\u00f1o de marca y estrategia conceptual, para proyectos de dise\u00f1o gr\u00e1fico y multimedia en Volum\u00ednica studio. Como investigador en Laboratorio Biomim\u00e9tico, fusiono creatividad y experimentaci\u00f3n a trav\u00e9s del uso de las nuevas tecnolog\u00edas, as\u00ed como la investigaci\u00f3n en biopl\u00e1sticos para crear soluciones sostenibles e innovadoras. Conocedor tanto de los nuevos sistemas de fabricaci\u00f3n (impresi\u00f3n 3D, corte l\u00e1ser, CNC) como de los antiguos y m\u00e1s artesanales (el origami, el trenzado de fibras vegetales o la alfarer\u00eda). Diplomado por la Escuela Superior de Arte del Principado de Asturias, ESAPA, y M\u00e1ster en presentaciones Multimedia por la Escola Superior de Disseny i Enginyeria de Barcelona, ELISAVA. Premios Asturias Dise\u00f1a en las categor\u00edas de Escaparatismo y Dise\u00f1o Sostenible 2019.","sameAs":["http:\/\/www.voluminica.com"],"mainEntityOfPage":{"@id":"https:\/\/www.voluminica.com\/author\/adminvoluminica2\/"}}]}},"_links":{"self":[{"href":"https:\/\/www.voluminica.com\/en\/wp-json\/wp\/v2\/users\/1"}],"collection":[{"href":"https:\/\/www.voluminica.com\/en\/wp-json\/wp\/v2\/users"}]}}